{"id":4151,"date":"2018-05-08T20:52:22","date_gmt":"2018-05-08T20:52:22","guid":{"rendered":"http:\/\/redsolidariadeacogida.es\/?p=4151"},"modified":"2019-04-11T22:50:45","modified_gmt":"2019-04-11T22:50:45","slug":"fiesta-rsa-18-de-mayo","status":"publish","type":"post","link":"http:\/\/redsolidariadeacogida.es\/?p=4151","title":{"rendered":"Fiesta RSA &#8211; 18 de mayo"},"content":{"rendered":"<p><a href=\"http:\/\/redsolidariadeacogida.es\/wp-content\/uploads\/2018\/05\/fiestarsa2.png\"><img class=\"aligncenter size-medium wp-image-572\" src=\"http:\/\/redsolidariadeacogida.es\/wp-content\/uploads\/2018\/05\/fiestarsa2.png\" height=\"200\"><\/a><\/p>\n<p>Buenas noches compa\u00f1eras, <\/p>\n<p>Nueva fecha para marcar en el calendario, la <strong>fiesta <\/strong>de primavera de la <strong>Red Solidaria de Acogida<\/strong> ya est\u00e1 aqu\u00ed. Como muchas ya sabr\u00e9is, somos una Red ciudadana de vecinas, apartidista, autogestionada y feminista que surgi\u00f3 en Lavapi\u00e9s hace ya casi tres a\u00f1os, aunando personas preocupadas por la situaci\u00f3n de las personas migrantes-refugiadas.<\/p>\n<p><strong>Denunciamos<\/strong> las leyes migratorias de Espa\u00f1a y la UE, con especial atenci\u00f3n a la Frontera Sur, las leyes de acogida y extranjer\u00eda de nuestro lugar de residencia y las m\u00faltiples transgresiones de los Derechos Humanos que hay detr\u00e1s de los movimientos migratorios forzados. Todo ello a trav\u00e9s de manifestaciones, charlas, campa\u00f1as en redes, acci\u00f3n directa&#8230;<\/p>\n<p>Por otro lado, <strong>acompa\u00f1amos <\/strong>a migrantes-refugiadas, vecinas y vecinos, personas en tr\u00e1nsito o que ya est\u00e1n aqu\u00ed.<\/p>\n<p>La cita es el <strong>viernes 18 de mayo<\/strong>, con el objetivo de apoyar con lo recaudado el proyecto socioeducativo de menores no acompa\u00f1ados en Melilla que las compa\u00f1eras de la ciudad aut\u00f3noma est\u00e1n sacando adelante.<\/p>\n<p><iframe loading=\"lazy\" width=\"470\" height=\"264\" src=\"https:\/\/www.youtube.com\/embed\/S9EVVpF6IqA?feature=oembed\" frameborder=\"0\" allow=\"accelerometer; autoplay; encrypted-media; gyroscope; picture-in-picture\" allowfullscreen><\/iframe><\/p>\n<h3 align=\"center\">\nHabr\u00e1 comida, bebida, rifa y muy buena m\u00fasica para acompa\u00f1ar este acto reivindicativo.<\/p>\n<p>Contaremos con la participaci\u00f3n de:<br \/>\n<a href=\"https:\/\/www.youtube.com\/watch?v=lAq-uE4mHHc\">IRASSEMA<\/a><br \/>\n<a href=\"https:\/\/www.youtube.com\/watch?v=2hrtObEhXUg\">LA OTRA (en ac\u00fastico)<\/a><br \/>\n<a href=\"https:\/\/soundcloud.com\/sonideromandril\">SONIDERO MANDRIL<\/a><\/p>\n<p>NADA VALE SI HAY UN NI\u00d1O EN LA CALLE,<br \/>\nSIGAMOS LUCHANDO JUNTAS<\/p>\n<p>\u00a1Acude y difunde! \u00a1Te esperamos!<br \/>\n<\/h3>\n<p>FECHA: viernes, 18 de mayo<\/p>\n<p>HORA: 19 &#8211; 23:30hs<\/p>\n<p>LUGAR: Nave Terneras (Matadero)<\/p>\n<p>Un abrazo fuerte,<\/p>\n<p>Red Solidaria de Acogida<\/p>\n","protected":false},"excerpt":{"rendered":"<p>Buenas noches compa\u00f1eras, Nueva fecha para marcar en el calendario, la fiesta de primavera de la Red Solidaria de Acogida ya est\u00e1 aqu\u00ed. Como muchas&#8230;<\/p>\n","protected":false},"author":1,"featured_media":4156,"comment_status":"closed","ping_status":"closed","sticky":false,"template":"","format":"standard","meta":{"ngg_post_thumbnail":0},"categories":[1],"tags":[],"_links":{"self":[{"href":"http:\/\/redsolidariadeacogida.es\/index.php?rest_route=\/wp\/v2\/posts\/4151"}],"collection":[{"href":"http:\/\/redsolidariadeacogida.es\/index.php?rest_route=\/wp\/v2\/posts"}],"about":[{"href":"http:\/\/redsolidariadeacogida.es\/index.php?rest_route=\/wp\/v2\/types\/post"}],"author":[{"embeddable":true,"href":"http:\/\/redsolidariadeacogida.es\/index.php?rest_route=\/wp\/v2\/users\/1"}],"replies":[{"embeddable":true,"href":"http:\/\/redsolidariadeacogida.es\/index.php?rest_route=%2Fwp%2Fv2%2Fcomments&post=4151"}],"version-history":[{"count":18,"href":"http:\/\/redsolidariadeacogida.es\/index.php?rest_route=\/wp\/v2\/posts\/4151\/revisions"}],"predecessor-version":[{"id":4574,"href":"http:\/\/redsolidariadeacogida.es\/index.php?rest_route=\/wp\/v2\/posts\/4151\/revisions\/4574"}],"wp:featuredmedia":[{"embeddable":true,"href":"http:\/\/redsolidariadeacogida.es\/index.php?rest_route=\/wp\/v2\/media\/4156"}],"wp:attachment":[{"href":"http:\/\/redsolidariadeacogida.es\/index.php?rest_route=%2Fwp%2Fv2%2Fmedia&parent=4151"}],"wp:term":[{"taxonomy":"category","embeddable":true,"href":"http:\/\/redsolidariadeacogida.es\/index.php?rest_route=%2Fwp%2Fv2%2Fcategories&post=4151"},{"taxonomy":"post_tag","embeddable":true,"href":"http:\/\/redsolidariadeacogida.es\/index.php?rest_route=%2Fwp%2Fv2%2Ftags&post=4151"}],"curies":[{"name":"wp","href":"https:\/\/api.w.org\/{rel}","templated":true}]}}