{"id":164,"date":"2016-06-13T14:35:44","date_gmt":"2016-06-13T14:35:44","guid":{"rendered":"http:\/\/91.121.177.27\/?p=164"},"modified":"2018-03-06T20:56:43","modified_gmt":"2018-03-06T20:56:43","slug":"164","status":"publish","type":"post","link":"http:\/\/redsolidariadeacogida.es\/?p=164","title":{"rendered":"CONVOCATORIA EN MADRID PARA PREPARAR LA CARAVANA A GRECIA"},"content":{"rendered":"<p><a href=\"http:\/\/redsolidariadeacogida.es\/wp-content\/uploads\/2016\/06\/13411878_1119077971495948_7445197578283248562_o.jpg\"><img loading=\"lazy\" class=\"size-medium wp-image-546 alignleft\" src=\"http:\/\/redsolidariadeacogida.es\/wp-content\/uploads\/2016\/06\/13411878_1119077971495948_7445197578283248562_o-300x288.jpg\" alt=\"13411878_1119077971495948_7445197578283248562_o\" width=\"300\" height=\"288\" \/><\/a><\/p>\n<p style=\"text-align: justify;\">HOY, 13 DE JUNIO, ES LA CONVOCATORIA EN MADRID PARA PREPARAR LA CARAVANA A GRECIA:<\/p>\n<p style=\"text-align: justify;\">El pasado domingo d\u00eda 5 de junio tuvo lugar un encuentro estatal en Madrid, con el objetivo de organizar de forma conjunta una acci\u00f3n de denuncia pol\u00edtica consistente en la \u00abCaravana a Grecia, Abriendo Fronteras\u00bb.<\/p>\n<p style=\"text-align: justify;\">Diferentes movimientos y colectivos, sensibilizados con migraci\u00f3n y refugio, dimos respuesta a esta convocatoria estatal, y comenzamos a organizar esta acci\u00f3n de d<span class=\"text_exposed_show\">enuncia, exigencia pol\u00edtica y visibilizaci\u00f3n, que pretende ser la primera de otras muchas.<\/span><\/p>\n<div class=\"text_exposed_show\">\n<p>Queremos dejar constancia, frente a la inactividad e inoperatividad de nuestros gobiernos, que creen en una Europa fortaleza, inhumana y despiadada, nuestra solidaridad y firme convicci\u00f3n en una Europa inclusiva y garante de los derechos humanos, a trav\u00e9s de la movilizaci\u00f3n de sus habitantes.<\/p>\n<p>Se convoca a todos los colectivos y movimientos de la Comunidad de Madrid para acudir a una reuni\u00f3n<\/p>\n<p>organizativa que tendr\u00e1 lugar el:<\/p>\n<p>Lunes d\u00eda 13 de junio, a las 18:30h, en la Calle Alenza,13.<\/p>\n<p>\u00a1Os esperamos!<\/p>\n<p>&nbsp;<\/p>\n<p>&nbsp;<\/p>\n<p>&nbsp;<\/p>\n<\/div>\n","protected":false},"excerpt":{"rendered":"<p>HOY, 13 DE JUNIO, ES LA CONVOCATORIA EN MADRID PARA PREPARAR LA CARAVANA A GRECIA: El pasado domingo d\u00eda 5 de junio tuvo lugar un&#8230;<\/p>\n","protected":false},"author":1,"featured_media":397,"comment_status":"open","ping_status":"open","sticky":false,"template":"","format":"standard","meta":{"ngg_post_thumbnail":0},"categories":[8,9,6,7],"tags":[],"_links":{"self":[{"href":"http:\/\/redsolidariadeacogida.es\/index.php?rest_route=\/wp\/v2\/posts\/164"}],"collection":[{"href":"http:\/\/redsolidariadeacogida.es\/index.php?rest_route=\/wp\/v2\/posts"}],"about":[{"href":"http:\/\/redsolidariadeacogida.es\/index.php?rest_route=\/wp\/v2\/types\/post"}],"author":[{"embeddable":true,"href":"http:\/\/redsolidariadeacogida.es\/index.php?rest_route=\/wp\/v2\/users\/1"}],"replies":[{"embeddable":true,"href":"http:\/\/redsolidariadeacogida.es\/index.php?rest_route=%2Fwp%2Fv2%2Fcomments&post=164"}],"version-history":[{"count":5,"href":"http:\/\/redsolidariadeacogida.es\/index.php?rest_route=\/wp\/v2\/posts\/164\/revisions"}],"predecessor-version":[{"id":306,"href":"http:\/\/redsolidariadeacogida.es\/index.php?rest_route=\/wp\/v2\/posts\/164\/revisions\/306"}],"wp:featuredmedia":[{"embeddable":true,"href":"http:\/\/redsolidariadeacogida.es\/index.php?rest_route=\/wp\/v2\/media\/397"}],"wp:attachment":[{"href":"http:\/\/redsolidariadeacogida.es\/index.php?rest_route=%2Fwp%2Fv2%2Fmedia&parent=164"}],"wp:term":[{"taxonomy":"category","embeddable":true,"href":"http:\/\/redsolidariadeacogida.es\/index.php?rest_route=%2Fwp%2Fv2%2Fcategories&post=164"},{"taxonomy":"post_tag","embeddable":true,"href":"http:\/\/redsolidariadeacogida.es\/index.php?rest_route=%2Fwp%2Fv2%2Ftags&post=164"}],"curies":[{"name":"wp","href":"https:\/\/api.w.org\/{rel}","templated":true}]}}