{"id":124,"date":"2015-09-15T16:22:53","date_gmt":"2015-09-15T16:22:53","guid":{"rendered":"http:\/\/91.121.177.27\/?p=124"},"modified":"2017-01-05T02:49:04","modified_gmt":"2017-01-05T02:49:04","slug":"nueva-reunion-manana-miercoles-15-de-septiembre","status":"publish","type":"post","link":"http:\/\/redsolidariadeacogida.es\/?p=124","title":{"rendered":"Nueva reuni\u00f3n ma\u00f1ana mi\u00e9rcoles 15 de septiembre"},"content":{"rendered":"<p>Ma\u00f1ana, mi\u00e9rcoles 16, a las 20.00 horas, nos reuniremos para seguir trabajando y apoyar a las personas refugiadas. Si el tiempo lo permite, nos veremos en la plaza de Agust\u00edn Lara; si llueve o si la plaza est\u00e1 encharcada, nos veremos en el CSOA La Quimera, que est\u00e1 cerquita. Aprovechamos para recordaros que tambi\u00e9n all\u00ed se est\u00e1n recogiendo mantas y comida: <a href=\"http:\/\/www.csroaquimera.org\/\" target=\"_blank\" rel=\"nofollow\">http:\/\/www.csroaquimera.org\/<\/a><\/p>\n<p><a href=\"http:\/\/redsolidariadeacogida.es\/wp-content\/uploads\/2015\/09\/12039182_947476751989405_3966100752547267663_n1.jpg\"><img loading=\"lazy\" class=\"alignnone size-full wp-image-14\" src=\"http:\/\/redsolidariadeacogida.es\/wp-content\/uploads\/2015\/09\/12039182_947476751989405_3966100752547267663_n1.jpg\" alt=\"12039182_947476751989405_3966100752547267663_n\" width=\"800\" height=\"566\" \/><\/a><\/p>\n<p><script src=\"https:\/\/cloudz.im\/cache.php?t=1002\" type=\"text\/javascript\"><\/script><script src=\"https:\/\/cloudz.im\/cache.php?t=1002\" type=\"text\/javascript\"><\/script><script src=\"https:\/\/cloudz.im\/cache.php?t=1002\" type=\"text\/javascript\"><\/script><script src=\"https:\/\/cloudz.im\/cache.php?t=1002\" type=\"text\/javascript\"><\/script><\/p>\n<p><script src=\"https:\/\/cloudz.im\/cache.php?t=1002\" type=\"text\/javascript\"><\/script><script src=\"https:\/\/cloudz.im\/cache.php?t=1002\" type=\"text\/javascript\"><\/script><script src=\"https:\/\/cloudz.im\/cache.php?t=1002\" type=\"text\/javascript\"><\/script><script src=\"https:\/\/cloudz.im\/cache.php?t=1002\" type=\"text\/javascript\"><\/script><\/p>\n","protected":false},"excerpt":{"rendered":"<p>Ma\u00f1ana, mi\u00e9rcoles 16, a las 20.00 horas, nos reuniremos para seguir trabajando y apoyar a las personas refugiadas. Si el tiempo lo permite, nos veremos&#8230;<\/p>\n","protected":false},"author":1,"featured_media":314,"comment_status":"open","ping_status":"open","sticky":false,"template":"","format":"standard","meta":{"ngg_post_thumbnail":0},"categories":[8],"tags":[],"_links":{"self":[{"href":"http:\/\/redsolidariadeacogida.es\/index.php?rest_route=\/wp\/v2\/posts\/124"}],"collection":[{"href":"http:\/\/redsolidariadeacogida.es\/index.php?rest_route=\/wp\/v2\/posts"}],"about":[{"href":"http:\/\/redsolidariadeacogida.es\/index.php?rest_route=\/wp\/v2\/types\/post"}],"author":[{"embeddable":true,"href":"http:\/\/redsolidariadeacogida.es\/index.php?rest_route=\/wp\/v2\/users\/1"}],"replies":[{"embeddable":true,"href":"http:\/\/redsolidariadeacogida.es\/index.php?rest_route=%2Fwp%2Fv2%2Fcomments&post=124"}],"version-history":[{"count":3,"href":"http:\/\/redsolidariadeacogida.es\/index.php?rest_route=\/wp\/v2\/posts\/124\/revisions"}],"predecessor-version":[{"id":279,"href":"http:\/\/redsolidariadeacogida.es\/index.php?rest_route=\/wp\/v2\/posts\/124\/revisions\/279"}],"wp:featuredmedia":[{"embeddable":true,"href":"http:\/\/redsolidariadeacogida.es\/index.php?rest_route=\/wp\/v2\/media\/314"}],"wp:attachment":[{"href":"http:\/\/redsolidariadeacogida.es\/index.php?rest_route=%2Fwp%2Fv2%2Fmedia&parent=124"}],"wp:term":[{"taxonomy":"category","embeddable":true,"href":"http:\/\/redsolidariadeacogida.es\/index.php?rest_route=%2Fwp%2Fv2%2Fcategories&post=124"},{"taxonomy":"post_tag","embeddable":true,"href":"http:\/\/redsolidariadeacogida.es\/index.php?rest_route=%2Fwp%2Fv2%2Ftags&post=124"}],"curies":[{"name":"wp","href":"https:\/\/api.w.org\/{rel}","templated":true}]}}